{"id":806,"date":"2023-10-13T18:20:39","date_gmt":"2023-10-13T15:20:39","guid":{"rendered":"https:\/\/wediaentertainment.com\/tr\/?p=806"},"modified":"2023-10-13T18:20:39","modified_gmt":"2023-10-13T15:20:39","slug":"guven-bana-a-cinematic-extravaganza-that-graced-istanbuls-night-sky","status":"publish","type":"post","link":"https:\/\/wediaentertainment.com\/tr\/guven-bana-a-cinematic-extravaganza-that-graced-istanbuls-night-sky\/","title":{"rendered":"\u201cG\u00fcven Bana&#8221;: A Cinematic Extravaganza That Graced Istanbul&#8217;s Night Sky"},"content":{"rendered":"<p>In the heart of Istanbul, where the Bosphorus whispers tales of timeless beauty, a cinematic masterpiece is set to grace the silver screens. Get ready, film enthusiasts, because on October 13th, 2023, Turkey is in for a treat as the highly anticipated film &#8220;G\u00fcven Bana&#8221; makes its grand debut. With a star-studded cast, including the luminous Pelin Karahan, the charismatic Cihangir Ceyhan, the talented Ufuk Bayraktar, and the enigmatic Okan \u00c7abalar, this cinematic marvel promises to enthrall audiences and leave them spellbound.<\/p>\n<p><strong>A Starlit Gala Sets the Stage:<\/strong><\/p>\n<p>The buzz surrounding &#8220;G\u00fcven Bana&#8221; reached its crescendo on the night of October 11th, 2023, when the glitterati of the Turkish film industry descended upon the Paribu Cineverse at Kanyon Mall, Istanbul. The atmosphere was electric, and the air was thick with anticipation as celebrities and movie lovers alike gathered for the film&#8217;s gala premiere. The gala was nothing short of magical, with the stars of the film gracing the event in all their glory, illuminating the night with their charisma and grace.<\/p>\n<p><strong>WediaCorp: The Creative Force Behind the Gala&#8217;s Success:<\/strong><\/p>\n<p>While the stars shone brightly on the red carpet, it was the behind-the-scenes magic of WediaCorp that truly made the evening unforgettable. As a creative powerhouse collaborating with Ayta\u00e7 Media, the production company behind &#8220;G\u00fcven Bana,&#8221; WediaCorp lent their innovative touch to every aspect of the gala. Their expertise and creativity transformed the Paribu Cineverse into a realm of cinematic splendor, leaving attendees in awe.<\/p>\n<p>WediaCorp&#8217;s creative support didn&#8217;t stop at mere aesthetics; they meticulously curated an experience that blended the essence of the film seamlessly with the ambiance of the gala. From visually stunning decor to immersive interactive exhibits, every detail was thoughtfully crafted, creating an atmosphere where the magic of &#8220;G\u00fcven Bana&#8221; came to life even before the opening credits rolled.<\/p>\n<p><strong>Ayta\u00e7 Media and ANL Yap\u0131m: A Partnership That Shaped Brilliance:<\/strong><\/p>\n<p>Behind the scenes, Ayta\u00e7 Media and ANL Yap\u0131m collaborated tirelessly to bring &#8220;G\u00fcven Bana&#8221; to fruition. Their dedication and passion for storytelling are reflected in every frame of the film, promising an emotional journey that will resonate with audiences long after the credits roll.<\/p>\n<p><strong>A Must-Watch Cinematic Triumph:<\/strong><\/p>\n<p>With the stars aligning both on and off-screen, &#8220;G\u00fcven Bana&#8221; stands as a testament to Turkish cinema&#8217;s brilliance. This film, with its stellar cast, dedicated production team, and the creative genius of WediaCorp, promises to be a cinematic triumph that will captivate hearts and leave a lasting imprint on the Turkish film industry.<\/p>\n<p>So mark your calendars, dear readers, for on October 13th, 2023, &#8220;G\u00fcven Bana&#8221; will whisk you away on a mesmerizing journey. Prepare to be enchanted, prepare to be moved, and most importantly, prepare to believe. G\u00fcven bana &#8211; trust in me &#8211; this is a cinematic experience you won&#8217;t want to miss.<\/p>\n","protected":false},"excerpt":{"rendered":"<p>In the heart of Istanbul, where the Bosphorus whispers tales of timeless beauty, a cinematic masterpiece is set to grace the silver screens. Get ready, film enthusiasts, because on October 13th, 2023, Turkey is in for a treat as the highly anticipated film &#8220;G\u00fcven Bana&#8221; makes its grand debut. With a star-studded cast, including the [&hellip;]<\/p>\n","protected":false},"author":1,"featured_media":807,"comment_status":"open","ping_status":"open","sticky":false,"template":"","format":"standard","meta":{"footnotes":""},"categories":[1,4,3,2],"tags":[2026,2025,2027,2028],"class_list":["post-806","post","type-post","status-publish","format-standard","has-post-thumbnail","hentry","category-genel","category-news","category-in-the-vision","category-cinema","tag-film-gala","tag-guven-bana","tag-pelin-karahan","tag-ufuk-bayraktar"],"acf":[],"yoast_head":"<!-- This site is optimized with the Yoast SEO plugin v27.5 - https:\/\/yoast.com\/product\/yoast-seo-wordpress\/ -->\n<title>\u201cG\u00fcven Bana&quot;: A Cinematic Extravaganza That Graced Istanbul&#039;s Night Sky - WediaEntertainment TR<\/title>\n<meta name=\"description\" content=\"In the heart of Istanbul, where the Bosphorus whispers tales of timeless beauty, a cinematic masterpiece is set to grace the silver screens.\" \/>\n<meta name=\"robots\" content=\"index, follow, max-snippet:-1, max-image-preview:large, max-video-preview:-1\" \/>\n<link rel=\"canonical\" href=\"https:\/\/wediaentertainment.com\/tr\/guven-bana-a-cinematic-extravaganza-that-graced-istanbuls-night-sky\/\" \/>\n<meta property=\"og:locale\" content=\"tr_TR\" \/>\n<meta property=\"og:type\" content=\"article\" \/>\n<meta property=\"og:title\" content=\"\u201cG\u00fcven Bana&quot;: A Cinematic Extravaganza That Graced Istanbul&#039;s Night Sky - WediaEntertainment TR\" \/>\n<meta property=\"og:description\" content=\"In the heart of Istanbul, where the Bosphorus whispers tales of timeless beauty, a cinematic masterpiece is set to grace the silver screens.\" \/>\n<meta property=\"og:url\" content=\"https:\/\/wediaentertainment.com\/tr\/guven-bana-a-cinematic-extravaganza-that-graced-istanbuls-night-sky\/\" \/>\n<meta property=\"og:site_name\" content=\"WediaEntertainment TR\" \/>\n<meta property=\"article:published_time\" content=\"2023-10-13T15:20:39+00:00\" \/>\n<meta property=\"og:image\" content=\"https:\/\/wediaentertainment.com\/tr\/wp-content\/uploads\/sites\/2\/2023\/10\/Guven-Bana-Fotograf-2.webp\" \/>\n\t<meta property=\"og:image:width\" content=\"2048\" \/>\n\t<meta property=\"og:image:height\" content=\"1536\" \/>\n\t<meta property=\"og:image:type\" content=\"image\/webp\" \/>\n<meta name=\"author\" content=\"wediacorp\" \/>\n<meta name=\"twitter:card\" content=\"summary_large_image\" \/>\n<meta name=\"twitter:label1\" content=\"Yazan:\" \/>\n\t<meta name=\"twitter:data1\" content=\"wediacorp\" \/>\n\t<meta name=\"twitter:label2\" content=\"Tahmini okuma s\u00fcresi\" \/>\n\t<meta name=\"twitter:data2\" content=\"3 dakika\" \/>\n<script type=\"application\/ld+json\" class=\"yoast-schema-graph\">{\"@context\":\"https:\\\/\\\/schema.org\",\"@graph\":[{\"@type\":\"NewsArticle\",\"@id\":\"https:\\\/\\\/wediaentertainment.com\\\/tr\\\/guven-bana-a-cinematic-extravaganza-that-graced-istanbuls-night-sky\\\/#article\",\"isPartOf\":{\"@id\":\"https:\\\/\\\/wediaentertainment.com\\\/tr\\\/guven-bana-a-cinematic-extravaganza-that-graced-istanbuls-night-sky\\\/\"},\"author\":{\"name\":\"wediacorp\",\"@id\":\"https:\\\/\\\/wediaentertainment.com\\\/tr\\\/#\\\/schema\\\/person\\\/cd635e714b51fbdb59e838765abe6e70\"},\"headline\":\"\u201cG\u00fcven Bana&#8221;: A Cinematic Extravaganza That Graced Istanbul&#8217;s Night Sky\",\"datePublished\":\"2023-10-13T15:20:39+00:00\",\"mainEntityOfPage\":{\"@id\":\"https:\\\/\\\/wediaentertainment.com\\\/tr\\\/guven-bana-a-cinematic-extravaganza-that-graced-istanbuls-night-sky\\\/\"},\"wordCount\":490,\"commentCount\":0,\"image\":{\"@id\":\"https:\\\/\\\/wediaentertainment.com\\\/tr\\\/guven-bana-a-cinematic-extravaganza-that-graced-istanbuls-night-sky\\\/#primaryimage\"},\"thumbnailUrl\":\"https:\\\/\\\/wediaentertainment.com\\\/tr\\\/wp-content\\\/uploads\\\/sites\\\/2\\\/2023\\\/10\\\/Guven-Bana-Fotograf-2.webp\",\"keywords\":[\"Film Gala\",\"G\u00fcven Bana\",\"Pelin Karahan\",\"Ufuk Bayraktar\"],\"articleSection\":{\"1\":\"Haberler\",\"2\":\"\u015eimdi Vizyonda\",\"3\":\"Sinema\"},\"inLanguage\":\"tr\",\"potentialAction\":[{\"@type\":\"CommentAction\",\"name\":\"Comment\",\"target\":[\"https:\\\/\\\/wediaentertainment.com\\\/tr\\\/guven-bana-a-cinematic-extravaganza-that-graced-istanbuls-night-sky\\\/#respond\"]}]},{\"@type\":\"WebPage\",\"@id\":\"https:\\\/\\\/wediaentertainment.com\\\/tr\\\/guven-bana-a-cinematic-extravaganza-that-graced-istanbuls-night-sky\\\/\",\"url\":\"https:\\\/\\\/wediaentertainment.com\\\/tr\\\/guven-bana-a-cinematic-extravaganza-that-graced-istanbuls-night-sky\\\/\",\"name\":\"\u201cG\u00fcven Bana\\\": A Cinematic Extravaganza That Graced Istanbul's Night Sky - WediaEntertainment TR\",\"isPartOf\":{\"@id\":\"https:\\\/\\\/wediaentertainment.com\\\/tr\\\/#website\"},\"primaryImageOfPage\":{\"@id\":\"https:\\\/\\\/wediaentertainment.com\\\/tr\\\/guven-bana-a-cinematic-extravaganza-that-graced-istanbuls-night-sky\\\/#primaryimage\"},\"image\":{\"@id\":\"https:\\\/\\\/wediaentertainment.com\\\/tr\\\/guven-bana-a-cinematic-extravaganza-that-graced-istanbuls-night-sky\\\/#primaryimage\"},\"thumbnailUrl\":\"https:\\\/\\\/wediaentertainment.com\\\/tr\\\/wp-content\\\/uploads\\\/sites\\\/2\\\/2023\\\/10\\\/Guven-Bana-Fotograf-2.webp\",\"datePublished\":\"2023-10-13T15:20:39+00:00\",\"author\":{\"@id\":\"https:\\\/\\\/wediaentertainment.com\\\/tr\\\/#\\\/schema\\\/person\\\/cd635e714b51fbdb59e838765abe6e70\"},\"description\":\"In the heart of Istanbul, where the Bosphorus whispers tales of timeless beauty, a cinematic masterpiece is set to grace the silver screens.\",\"breadcrumb\":{\"@id\":\"https:\\\/\\\/wediaentertainment.com\\\/tr\\\/guven-bana-a-cinematic-extravaganza-that-graced-istanbuls-night-sky\\\/#breadcrumb\"},\"inLanguage\":\"tr\",\"potentialAction\":[{\"@type\":\"ReadAction\",\"target\":[\"https:\\\/\\\/wediaentertainment.com\\\/tr\\\/guven-bana-a-cinematic-extravaganza-that-graced-istanbuls-night-sky\\\/\"]}]},{\"@type\":\"ImageObject\",\"inLanguage\":\"tr\",\"@id\":\"https:\\\/\\\/wediaentertainment.com\\\/tr\\\/guven-bana-a-cinematic-extravaganza-that-graced-istanbuls-night-sky\\\/#primaryimage\",\"url\":\"https:\\\/\\\/wediaentertainment.com\\\/tr\\\/wp-content\\\/uploads\\\/sites\\\/2\\\/2023\\\/10\\\/Guven-Bana-Fotograf-2.webp\",\"contentUrl\":\"https:\\\/\\\/wediaentertainment.com\\\/tr\\\/wp-content\\\/uploads\\\/sites\\\/2\\\/2023\\\/10\\\/Guven-Bana-Fotograf-2.webp\",\"width\":2048,\"height\":1536,\"caption\":\"\u201cG\u00fcven Bana\\\": A Cinematic Extravaganza That Graced Istanbul's Night Sky\"},{\"@type\":\"BreadcrumbList\",\"@id\":\"https:\\\/\\\/wediaentertainment.com\\\/tr\\\/guven-bana-a-cinematic-extravaganza-that-graced-istanbuls-night-sky\\\/#breadcrumb\",\"itemListElement\":[{\"@type\":\"ListItem\",\"position\":1,\"name\":\"Anasayfa\",\"item\":\"https:\\\/\\\/wediaentertainment.com\\\/tr\\\/\"},{\"@type\":\"ListItem\",\"position\":2,\"name\":\"\u201cG\u00fcven Bana&#8221;: A Cinematic Extravaganza That Graced Istanbul&#8217;s Night Sky\"}]},{\"@type\":\"WebSite\",\"@id\":\"https:\\\/\\\/wediaentertainment.com\\\/tr\\\/#website\",\"url\":\"https:\\\/\\\/wediaentertainment.com\\\/tr\\\/\",\"name\":\"WediaEntertainment TR\",\"description\":\"\",\"potentialAction\":[{\"@type\":\"SearchAction\",\"target\":{\"@type\":\"EntryPoint\",\"urlTemplate\":\"https:\\\/\\\/wediaentertainment.com\\\/tr\\\/?s={search_term_string}\"},\"query-input\":{\"@type\":\"PropertyValueSpecification\",\"valueRequired\":true,\"valueName\":\"search_term_string\"}}],\"inLanguage\":\"tr\"},{\"@type\":\"Person\",\"@id\":\"https:\\\/\\\/wediaentertainment.com\\\/tr\\\/#\\\/schema\\\/person\\\/cd635e714b51fbdb59e838765abe6e70\",\"name\":\"wediacorp\",\"image\":{\"@type\":\"ImageObject\",\"inLanguage\":\"tr\",\"@id\":\"https:\\\/\\\/secure.gravatar.com\\\/avatar\\\/d895814bac75bd990bfe85aec7e6e1ef7f6f6645a381952b21e2ea4fdb7a8238?s=96&d=mm&r=g\",\"url\":\"https:\\\/\\\/secure.gravatar.com\\\/avatar\\\/d895814bac75bd990bfe85aec7e6e1ef7f6f6645a381952b21e2ea4fdb7a8238?s=96&d=mm&r=g\",\"contentUrl\":\"https:\\\/\\\/secure.gravatar.com\\\/avatar\\\/d895814bac75bd990bfe85aec7e6e1ef7f6f6645a381952b21e2ea4fdb7a8238?s=96&d=mm&r=g\",\"caption\":\"wediacorp\"},\"sameAs\":[\"https:\\\/\\\/wediaentertainment.com\"]}]}<\/script>\n<!-- \/ Yoast SEO plugin. -->","yoast_head_json":{"title":"\u201cG\u00fcven Bana\": A Cinematic Extravaganza That Graced Istanbul's Night Sky - WediaEntertainment TR","description":"In the heart of Istanbul, where the Bosphorus whispers tales of timeless beauty, a cinematic masterpiece is set to grace the silver screens.","robots":{"index":"index","follow":"follow","max-snippet":"max-snippet:-1","max-image-preview":"max-image-preview:large","max-video-preview":"max-video-preview:-1"},"canonical":"https:\/\/wediaentertainment.com\/tr\/guven-bana-a-cinematic-extravaganza-that-graced-istanbuls-night-sky\/","og_locale":"tr_TR","og_type":"article","og_title":"\u201cG\u00fcven Bana\": A Cinematic Extravaganza That Graced Istanbul's Night Sky - WediaEntertainment TR","og_description":"In the heart of Istanbul, where the Bosphorus whispers tales of timeless beauty, a cinematic masterpiece is set to grace the silver screens.","og_url":"https:\/\/wediaentertainment.com\/tr\/guven-bana-a-cinematic-extravaganza-that-graced-istanbuls-night-sky\/","og_site_name":"WediaEntertainment TR","article_published_time":"2023-10-13T15:20:39+00:00","og_image":[{"width":2048,"height":1536,"url":"https:\/\/wediaentertainment.com\/tr\/wp-content\/uploads\/sites\/2\/2023\/10\/Guven-Bana-Fotograf-2.webp","type":"image\/webp"}],"author":"wediacorp","twitter_card":"summary_large_image","twitter_misc":{"Yazan:":"wediacorp","Tahmini okuma s\u00fcresi":"3 dakika"},"schema":{"@context":"https:\/\/schema.org","@graph":[{"@type":"NewsArticle","@id":"https:\/\/wediaentertainment.com\/tr\/guven-bana-a-cinematic-extravaganza-that-graced-istanbuls-night-sky\/#article","isPartOf":{"@id":"https:\/\/wediaentertainment.com\/tr\/guven-bana-a-cinematic-extravaganza-that-graced-istanbuls-night-sky\/"},"author":{"name":"wediacorp","@id":"https:\/\/wediaentertainment.com\/tr\/#\/schema\/person\/cd635e714b51fbdb59e838765abe6e70"},"headline":"\u201cG\u00fcven Bana&#8221;: A Cinematic Extravaganza That Graced Istanbul&#8217;s Night Sky","datePublished":"2023-10-13T15:20:39+00:00","mainEntityOfPage":{"@id":"https:\/\/wediaentertainment.com\/tr\/guven-bana-a-cinematic-extravaganza-that-graced-istanbuls-night-sky\/"},"wordCount":490,"commentCount":0,"image":{"@id":"https:\/\/wediaentertainment.com\/tr\/guven-bana-a-cinematic-extravaganza-that-graced-istanbuls-night-sky\/#primaryimage"},"thumbnailUrl":"https:\/\/wediaentertainment.com\/tr\/wp-content\/uploads\/sites\/2\/2023\/10\/Guven-Bana-Fotograf-2.webp","keywords":["Film Gala","G\u00fcven Bana","Pelin Karahan","Ufuk Bayraktar"],"articleSection":{"1":"Haberler","2":"\u015eimdi Vizyonda","3":"Sinema"},"inLanguage":"tr","potentialAction":[{"@type":"CommentAction","name":"Comment","target":["https:\/\/wediaentertainment.com\/tr\/guven-bana-a-cinematic-extravaganza-that-graced-istanbuls-night-sky\/#respond"]}]},{"@type":"WebPage","@id":"https:\/\/wediaentertainment.com\/tr\/guven-bana-a-cinematic-extravaganza-that-graced-istanbuls-night-sky\/","url":"https:\/\/wediaentertainment.com\/tr\/guven-bana-a-cinematic-extravaganza-that-graced-istanbuls-night-sky\/","name":"\u201cG\u00fcven Bana\": A Cinematic Extravaganza That Graced Istanbul's Night Sky - WediaEntertainment TR","isPartOf":{"@id":"https:\/\/wediaentertainment.com\/tr\/#website"},"primaryImageOfPage":{"@id":"https:\/\/wediaentertainment.com\/tr\/guven-bana-a-cinematic-extravaganza-that-graced-istanbuls-night-sky\/#primaryimage"},"image":{"@id":"https:\/\/wediaentertainment.com\/tr\/guven-bana-a-cinematic-extravaganza-that-graced-istanbuls-night-sky\/#primaryimage"},"thumbnailUrl":"https:\/\/wediaentertainment.com\/tr\/wp-content\/uploads\/sites\/2\/2023\/10\/Guven-Bana-Fotograf-2.webp","datePublished":"2023-10-13T15:20:39+00:00","author":{"@id":"https:\/\/wediaentertainment.com\/tr\/#\/schema\/person\/cd635e714b51fbdb59e838765abe6e70"},"description":"In the heart of Istanbul, where the Bosphorus whispers tales of timeless beauty, a cinematic masterpiece is set to grace the silver screens.","breadcrumb":{"@id":"https:\/\/wediaentertainment.com\/tr\/guven-bana-a-cinematic-extravaganza-that-graced-istanbuls-night-sky\/#breadcrumb"},"inLanguage":"tr","potentialAction":[{"@type":"ReadAction","target":["https:\/\/wediaentertainment.com\/tr\/guven-bana-a-cinematic-extravaganza-that-graced-istanbuls-night-sky\/"]}]},{"@type":"ImageObject","inLanguage":"tr","@id":"https:\/\/wediaentertainment.com\/tr\/guven-bana-a-cinematic-extravaganza-that-graced-istanbuls-night-sky\/#primaryimage","url":"https:\/\/wediaentertainment.com\/tr\/wp-content\/uploads\/sites\/2\/2023\/10\/Guven-Bana-Fotograf-2.webp","contentUrl":"https:\/\/wediaentertainment.com\/tr\/wp-content\/uploads\/sites\/2\/2023\/10\/Guven-Bana-Fotograf-2.webp","width":2048,"height":1536,"caption":"\u201cG\u00fcven Bana\": A Cinematic Extravaganza That Graced Istanbul's Night Sky"},{"@type":"BreadcrumbList","@id":"https:\/\/wediaentertainment.com\/tr\/guven-bana-a-cinematic-extravaganza-that-graced-istanbuls-night-sky\/#breadcrumb","itemListElement":[{"@type":"ListItem","position":1,"name":"Anasayfa","item":"https:\/\/wediaentertainment.com\/tr\/"},{"@type":"ListItem","position":2,"name":"\u201cG\u00fcven Bana&#8221;: A Cinematic Extravaganza That Graced Istanbul&#8217;s Night Sky"}]},{"@type":"WebSite","@id":"https:\/\/wediaentertainment.com\/tr\/#website","url":"https:\/\/wediaentertainment.com\/tr\/","name":"WediaEntertainment TR","description":"","potentialAction":[{"@type":"SearchAction","target":{"@type":"EntryPoint","urlTemplate":"https:\/\/wediaentertainment.com\/tr\/?s={search_term_string}"},"query-input":{"@type":"PropertyValueSpecification","valueRequired":true,"valueName":"search_term_string"}}],"inLanguage":"tr"},{"@type":"Person","@id":"https:\/\/wediaentertainment.com\/tr\/#\/schema\/person\/cd635e714b51fbdb59e838765abe6e70","name":"wediacorp","image":{"@type":"ImageObject","inLanguage":"tr","@id":"https:\/\/secure.gravatar.com\/avatar\/d895814bac75bd990bfe85aec7e6e1ef7f6f6645a381952b21e2ea4fdb7a8238?s=96&d=mm&r=g","url":"https:\/\/secure.gravatar.com\/avatar\/d895814bac75bd990bfe85aec7e6e1ef7f6f6645a381952b21e2ea4fdb7a8238?s=96&d=mm&r=g","contentUrl":"https:\/\/secure.gravatar.com\/avatar\/d895814bac75bd990bfe85aec7e6e1ef7f6f6645a381952b21e2ea4fdb7a8238?s=96&d=mm&r=g","caption":"wediacorp"},"sameAs":["https:\/\/wediaentertainment.com"]}]}},"_links":{"self":[{"href":"https:\/\/wediaentertainment.com\/tr\/wp-json\/wp\/v2\/posts\/806","targetHints":{"allow":["GET"]}}],"collection":[{"href":"https:\/\/wediaentertainment.com\/tr\/wp-json\/wp\/v2\/posts"}],"about":[{"href":"https:\/\/wediaentertainment.com\/tr\/wp-json\/wp\/v2\/types\/post"}],"author":[{"embeddable":true,"href":"https:\/\/wediaentertainment.com\/tr\/wp-json\/wp\/v2\/users\/1"}],"replies":[{"embeddable":true,"href":"https:\/\/wediaentertainment.com\/tr\/wp-json\/wp\/v2\/comments?post=806"}],"version-history":[{"count":0,"href":"https:\/\/wediaentertainment.com\/tr\/wp-json\/wp\/v2\/posts\/806\/revisions"}],"wp:featuredmedia":[{"embeddable":true,"href":"https:\/\/wediaentertainment.com\/tr\/wp-json\/wp\/v2\/media\/807"}],"wp:attachment":[{"href":"https:\/\/wediaentertainment.com\/tr\/wp-json\/wp\/v2\/media?parent=806"}],"wp:term":[{"taxonomy":"category","embeddable":true,"href":"https:\/\/wediaentertainment.com\/tr\/wp-json\/wp\/v2\/categories?post=806"},{"taxonomy":"post_tag","embeddable":true,"href":"https:\/\/wediaentertainment.com\/tr\/wp-json\/wp\/v2\/tags?post=806"}],"curies":[{"name":"wp","href":"https:\/\/api.w.org\/{rel}","templated":true}]}}