{"id":2345,"date":"2024-05-24T15:19:54","date_gmt":"2024-05-24T12:19:54","guid":{"rendered":"https:\/\/wediaentertainment.com\/tr\/?p=2345"},"modified":"2024-05-24T15:20:16","modified_gmt":"2024-05-24T12:20:16","slug":"the-apprentice-sebastian-stan-takes-on-trump-in-new-controversial-film","status":"publish","type":"post","link":"https:\/\/wediaentertainment.com\/tr\/the-apprentice-sebastian-stan-takes-on-trump-in-new-controversial-film\/","title":{"rendered":"The Apprentice: Sebastian Stan&#8217;\u0131n Trump&#8217;\u0131 Canland\u0131rd\u0131\u011f\u0131 Yeni Tart\u0131\u015fmal\u0131 Film"},"content":{"rendered":"<p><strong>&#8216;The Apprentice&#8217; ve Trump&#8217;\u0131n Tepkisi Hakk\u0131nda Bilmeniz Gerekenler<\/strong><\/p>\n<p>&#8220;The Apprentice&#8221; filmi 2024 Cannes Film Festivali&#8217;nde pr\u00f6miyerini yapt\u0131 ve Donald Trump&#8217;\u0131 cesur bir \u015fekilde tasvir etmesiyle b\u00fcy\u00fck yank\u0131 uyand\u0131rd\u0131. Filmde, Sebastian Stan gen\u00e7 Trump&#8217;\u0131 canland\u0131r\u0131yor ve tart\u0131\u015fmal\u0131 bir cinsel sald\u0131r\u0131 sahnesi i\u00e7eriyor. Bu sahne, eski reality TV sunucusundan sert bir tepki ald\u0131. Film sosyal medyada geni\u015f yank\u0131 uyand\u0131r\u0131rken, bilmeniz gereken her \u015fey burada.<\/p>\n<p><strong>&#8216;The Apprentice&#8217; Ne Hakk\u0131nda?<\/strong><\/p>\n<p>Resmi \u00f6zetine g\u00f6re, &#8220;The Apprentice&#8221; Amerikan g\u00fcc\u00fcn\u00fcn karanl\u0131k y\u00f6nlerine odaklan\u0131yor. Gen\u00e7 Donald Trump&#8217;\u0131n, etkili sa\u011fc\u0131 avukat ve siyasi dan\u0131\u015fman Roy Cohn ile yapt\u0131\u011f\u0131 bir anla\u015fma sonucu y\u00fckseli\u015fini anlat\u0131yor. Film, Trump&#8217;\u0131n hayat\u0131 ve kariyerinden ilham al\u0131yor.<\/p>\n<p>Cannes&#8217;ta izleyiciler, Trump ve eski kar\u0131s\u0131 Ivana Trump aras\u0131nda ge\u00e7en grafik bir tecav\u00fcz sahnesine dikkat \u00e7ekti. Variety&#8217;ye g\u00f6re, sahne Ivana&#8217;n\u0131n (Maria Bakalova taraf\u0131ndan canland\u0131r\u0131l\u0131yor) Trump&#8217;a kad\u0131n orgazmlar\u0131 hakk\u0131nda bir kitap g\u00f6stermesiyle ba\u015fl\u0131yor. Etkile\u015fim h\u0131zla d\u00fc\u015fmanca bir hal al\u0131yor ve Trump ona sald\u0131r\u0131yor.<\/p>\n<p><strong>&#8216;The Apprentice&#8217; \u00c7\u0131k\u0131\u015f Tarihi<\/strong><\/p>\n<p>&#8220;The Apprentice&#8221; i\u00e7in hen\u00fcz resmi bir \u00e7\u0131k\u0131\u015f tarihi yok. Cannes pr\u00f6miyerinin ard\u0131ndan, film \u015fu anda sat\u0131\u015fa sunulmu\u015f durumda.<\/p>\n<p><strong>Donald Trump&#8217;\u0131n Filme Tepkisi<\/strong><\/p>\n<p>Filmdeki tasviri duyan Trump ve kampanyas\u0131, filmi &#8220;\u00e7\u00f6p&#8221; olarak nitelendirdi. Kampanya s\u00f6zc\u00fcs\u00fc Steven Cheung, \u201cBu sahte film yap\u0131mc\u0131lar\u0131n\u0131n a\u00e7\u0131k\u00e7a yanl\u0131\u015f iddialar\u0131n\u0131 ele almak\u201d i\u00e7in dava a\u00e7may\u0131 planlad\u0131klar\u0131n\u0131 duyurdu. \u201cBu \u00e7\u00f6p, uzun zamand\u0131r \u00e7\u00fcr\u00fct\u00fclm\u00fc\u015f yalanlar\u0131 sansasyonel hale getiren saf bir kurgu,\u201d diye ekledi Cheung, Associated Press&#8217;e g\u00f6re.<\/p>\n<p>Y\u00f6netmen Ali Abbasi, Cannes&#8217;ta gazetecilere verdi\u011fi deme\u00e7te, \u201cBu filmin Trump&#8217;\u0131n ho\u015funa gidece\u011fini ya da gitmeyece\u011fini d\u00fc\u015f\u00fcnm\u00fcyorum. Bence \u015fa\u015f\u0131racakt\u0131r. Trump kampanyas\u0131ndan biri ilgi g\u00f6sterirse, film hakk\u0131nda konu\u015fmak, bir g\u00f6sterim d\u00fczenlemek ve sonras\u0131nda sohbet etmek i\u00e7in onunla bulu\u015fmay\u0131 teklif ettim,\u201d dedi.<\/p>\n","protected":false},"excerpt":{"rendered":"<p>&#8216;The Apprentice&#8217; ve Trump&#8217;\u0131n Tepkisi Hakk\u0131nda Bilmeniz Gerekenler &#8220;The Apprentice&#8221; filmi 2024 Cannes Film Festivali&#8217;nde pr\u00f6miyerini yapt\u0131 ve Donald Trump&#8217;\u0131 cesur bir \u015fekilde tasvir etmesiyle b\u00fcy\u00fck yank\u0131 uyand\u0131rd\u0131. Filmde, Sebastian Stan gen\u00e7 Trump&#8217;\u0131 canland\u0131r\u0131yor ve tart\u0131\u015fmal\u0131 bir cinsel sald\u0131r\u0131 sahnesi i\u00e7eriyor. Bu sahne, eski reality TV sunucusundan sert bir tepki ald\u0131. Film sosyal medyada geni\u015f [&hellip;]<\/p>\n","protected":false},"author":1,"featured_media":2346,"comment_status":"open","ping_status":"open","sticky":false,"template":"","format":"standard","meta":{"footnotes":""},"categories":[2],"tags":[2361,2360,2362],"class_list":["post-2345","post","type-post","status-publish","format-standard","has-post-thumbnail","hentry","category-cinema","tag-sebastian-stan","tag-the-apprentice","tag-trump"],"acf":[],"yoast_head":"<!-- This site is optimized with the Yoast SEO plugin v27.4 - https:\/\/yoast.com\/product\/yoast-seo-wordpress\/ -->\n<title>The Apprentice: Sebastian Stan&#039;\u0131n Trump&#039;\u0131 Canland\u0131rd\u0131\u011f\u0131 Yeni Tart\u0131\u015fmal\u0131 Film - WediaEntertainment TR<\/title>\n<meta name=\"description\" content=\"&quot;The Apprentice&quot; filmi 2024 Cannes Film Festivali&#039;nde pr\u00f6miyerini yapt\u0131 ve Donald Trump&#039;\u0131 cesur bir \u015fekilde tasvir etmesiyle b\u00fcy\u00fck yank\u0131 uyand\u0131rd\u0131.\" \/>\n<meta name=\"robots\" content=\"index, follow, max-snippet:-1, max-image-preview:large, max-video-preview:-1\" \/>\n<link rel=\"canonical\" href=\"https:\/\/wediaentertainment.com\/tr\/the-apprentice-sebastian-stan-takes-on-trump-in-new-controversial-film\/\" \/>\n<meta property=\"og:locale\" content=\"tr_TR\" \/>\n<meta property=\"og:type\" content=\"article\" \/>\n<meta property=\"og:title\" content=\"The Apprentice: Sebastian Stan&#039;\u0131n Trump&#039;\u0131 Canland\u0131rd\u0131\u011f\u0131 Yeni Tart\u0131\u015fmal\u0131 Film - WediaEntertainment TR\" \/>\n<meta property=\"og:description\" content=\"&quot;The Apprentice&quot; filmi 2024 Cannes Film Festivali&#039;nde pr\u00f6miyerini yapt\u0131 ve Donald Trump&#039;\u0131 cesur bir \u015fekilde tasvir etmesiyle b\u00fcy\u00fck yank\u0131 uyand\u0131rd\u0131.\" \/>\n<meta property=\"og:url\" content=\"https:\/\/wediaentertainment.com\/tr\/the-apprentice-sebastian-stan-takes-on-trump-in-new-controversial-film\/\" \/>\n<meta property=\"og:site_name\" content=\"WediaEntertainment TR\" \/>\n<meta property=\"article:published_time\" content=\"2024-05-24T12:19:54+00:00\" \/>\n<meta property=\"article:modified_time\" content=\"2024-05-24T12:20:16+00:00\" \/>\n<meta property=\"og:image\" content=\"https:\/\/wediaentertainment.com\/tr\/wp-content\/uploads\/sites\/2\/2024\/05\/Trump.jpg\" \/>\n\t<meta property=\"og:image:width\" content=\"768\" \/>\n\t<meta property=\"og:image:height\" content=\"512\" \/>\n\t<meta property=\"og:image:type\" content=\"image\/jpeg\" \/>\n<meta name=\"author\" content=\"wediacorp\" \/>\n<meta name=\"twitter:card\" content=\"summary_large_image\" \/>\n<meta name=\"twitter:label1\" content=\"Yazan:\" \/>\n\t<meta name=\"twitter:data1\" content=\"wediacorp\" \/>\n\t<meta name=\"twitter:label2\" content=\"Tahmini okuma s\u00fcresi\" \/>\n\t<meta name=\"twitter:data2\" content=\"2 dakika\" \/>\n<script type=\"application\/ld+json\" class=\"yoast-schema-graph\">{\"@context\":\"https:\\\/\\\/schema.org\",\"@graph\":[{\"@type\":\"NewsArticle\",\"@id\":\"https:\\\/\\\/wediaentertainment.com\\\/tr\\\/the-apprentice-sebastian-stan-takes-on-trump-in-new-controversial-film\\\/#article\",\"isPartOf\":{\"@id\":\"https:\\\/\\\/wediaentertainment.com\\\/tr\\\/the-apprentice-sebastian-stan-takes-on-trump-in-new-controversial-film\\\/\"},\"author\":{\"name\":\"wediacorp\",\"@id\":\"https:\\\/\\\/wediaentertainment.com\\\/tr\\\/#\\\/schema\\\/person\\\/cd635e714b51fbdb59e838765abe6e70\"},\"headline\":\"The Apprentice: Sebastian Stan&#8217;\u0131n Trump&#8217;\u0131 Canland\u0131rd\u0131\u011f\u0131 Yeni Tart\u0131\u015fmal\u0131 Film\",\"datePublished\":\"2024-05-24T12:19:54+00:00\",\"dateModified\":\"2024-05-24T12:20:16+00:00\",\"mainEntityOfPage\":{\"@id\":\"https:\\\/\\\/wediaentertainment.com\\\/tr\\\/the-apprentice-sebastian-stan-takes-on-trump-in-new-controversial-film\\\/\"},\"wordCount\":366,\"commentCount\":0,\"image\":{\"@id\":\"https:\\\/\\\/wediaentertainment.com\\\/tr\\\/the-apprentice-sebastian-stan-takes-on-trump-in-new-controversial-film\\\/#primaryimage\"},\"thumbnailUrl\":\"https:\\\/\\\/wediaentertainment.com\\\/tr\\\/wp-content\\\/uploads\\\/sites\\\/2\\\/2024\\\/05\\\/Trump.jpg\",\"keywords\":[\"Sebastian Stan\",\"The Apprentice\",\"Trump\"],\"articleSection\":[\"Sinema\"],\"inLanguage\":\"tr\",\"potentialAction\":[{\"@type\":\"CommentAction\",\"name\":\"Comment\",\"target\":[\"https:\\\/\\\/wediaentertainment.com\\\/tr\\\/the-apprentice-sebastian-stan-takes-on-trump-in-new-controversial-film\\\/#respond\"]}]},{\"@type\":\"WebPage\",\"@id\":\"https:\\\/\\\/wediaentertainment.com\\\/tr\\\/the-apprentice-sebastian-stan-takes-on-trump-in-new-controversial-film\\\/\",\"url\":\"https:\\\/\\\/wediaentertainment.com\\\/tr\\\/the-apprentice-sebastian-stan-takes-on-trump-in-new-controversial-film\\\/\",\"name\":\"The Apprentice: Sebastian Stan'\u0131n Trump'\u0131 Canland\u0131rd\u0131\u011f\u0131 Yeni Tart\u0131\u015fmal\u0131 Film - WediaEntertainment TR\",\"isPartOf\":{\"@id\":\"https:\\\/\\\/wediaentertainment.com\\\/tr\\\/#website\"},\"primaryImageOfPage\":{\"@id\":\"https:\\\/\\\/wediaentertainment.com\\\/tr\\\/the-apprentice-sebastian-stan-takes-on-trump-in-new-controversial-film\\\/#primaryimage\"},\"image\":{\"@id\":\"https:\\\/\\\/wediaentertainment.com\\\/tr\\\/the-apprentice-sebastian-stan-takes-on-trump-in-new-controversial-film\\\/#primaryimage\"},\"thumbnailUrl\":\"https:\\\/\\\/wediaentertainment.com\\\/tr\\\/wp-content\\\/uploads\\\/sites\\\/2\\\/2024\\\/05\\\/Trump.jpg\",\"datePublished\":\"2024-05-24T12:19:54+00:00\",\"dateModified\":\"2024-05-24T12:20:16+00:00\",\"author\":{\"@id\":\"https:\\\/\\\/wediaentertainment.com\\\/tr\\\/#\\\/schema\\\/person\\\/cd635e714b51fbdb59e838765abe6e70\"},\"description\":\"\\\"The Apprentice\\\" filmi 2024 Cannes Film Festivali'nde pr\u00f6miyerini yapt\u0131 ve Donald Trump'\u0131 cesur bir \u015fekilde tasvir etmesiyle b\u00fcy\u00fck yank\u0131 uyand\u0131rd\u0131.\",\"breadcrumb\":{\"@id\":\"https:\\\/\\\/wediaentertainment.com\\\/tr\\\/the-apprentice-sebastian-stan-takes-on-trump-in-new-controversial-film\\\/#breadcrumb\"},\"inLanguage\":\"tr\",\"potentialAction\":[{\"@type\":\"ReadAction\",\"target\":[\"https:\\\/\\\/wediaentertainment.com\\\/tr\\\/the-apprentice-sebastian-stan-takes-on-trump-in-new-controversial-film\\\/\"]}]},{\"@type\":\"ImageObject\",\"inLanguage\":\"tr\",\"@id\":\"https:\\\/\\\/wediaentertainment.com\\\/tr\\\/the-apprentice-sebastian-stan-takes-on-trump-in-new-controversial-film\\\/#primaryimage\",\"url\":\"https:\\\/\\\/wediaentertainment.com\\\/tr\\\/wp-content\\\/uploads\\\/sites\\\/2\\\/2024\\\/05\\\/Trump.jpg\",\"contentUrl\":\"https:\\\/\\\/wediaentertainment.com\\\/tr\\\/wp-content\\\/uploads\\\/sites\\\/2\\\/2024\\\/05\\\/Trump.jpg\",\"width\":768,\"height\":512,\"caption\":\"The Apprentice: Sebastian Stan'\u0131n Trump'\u0131 Canland\u0131rd\u0131\u011f\u0131 Yeni Tart\u0131\u015fmal\u0131 Film\"},{\"@type\":\"BreadcrumbList\",\"@id\":\"https:\\\/\\\/wediaentertainment.com\\\/tr\\\/the-apprentice-sebastian-stan-takes-on-trump-in-new-controversial-film\\\/#breadcrumb\",\"itemListElement\":[{\"@type\":\"ListItem\",\"position\":1,\"name\":\"Anasayfa\",\"item\":\"https:\\\/\\\/wediaentertainment.com\\\/tr\\\/\"},{\"@type\":\"ListItem\",\"position\":2,\"name\":\"The Apprentice: Sebastian Stan&#8217;\u0131n Trump&#8217;\u0131 Canland\u0131rd\u0131\u011f\u0131 Yeni Tart\u0131\u015fmal\u0131 Film\"}]},{\"@type\":\"WebSite\",\"@id\":\"https:\\\/\\\/wediaentertainment.com\\\/tr\\\/#website\",\"url\":\"https:\\\/\\\/wediaentertainment.com\\\/tr\\\/\",\"name\":\"WediaEntertainment TR\",\"description\":\"\",\"potentialAction\":[{\"@type\":\"SearchAction\",\"target\":{\"@type\":\"EntryPoint\",\"urlTemplate\":\"https:\\\/\\\/wediaentertainment.com\\\/tr\\\/?s={search_term_string}\"},\"query-input\":{\"@type\":\"PropertyValueSpecification\",\"valueRequired\":true,\"valueName\":\"search_term_string\"}}],\"inLanguage\":\"tr\"},{\"@type\":\"Person\",\"@id\":\"https:\\\/\\\/wediaentertainment.com\\\/tr\\\/#\\\/schema\\\/person\\\/cd635e714b51fbdb59e838765abe6e70\",\"name\":\"wediacorp\",\"image\":{\"@type\":\"ImageObject\",\"inLanguage\":\"tr\",\"@id\":\"https:\\\/\\\/secure.gravatar.com\\\/avatar\\\/d895814bac75bd990bfe85aec7e6e1ef7f6f6645a381952b21e2ea4fdb7a8238?s=96&d=mm&r=g\",\"url\":\"https:\\\/\\\/secure.gravatar.com\\\/avatar\\\/d895814bac75bd990bfe85aec7e6e1ef7f6f6645a381952b21e2ea4fdb7a8238?s=96&d=mm&r=g\",\"contentUrl\":\"https:\\\/\\\/secure.gravatar.com\\\/avatar\\\/d895814bac75bd990bfe85aec7e6e1ef7f6f6645a381952b21e2ea4fdb7a8238?s=96&d=mm&r=g\",\"caption\":\"wediacorp\"},\"sameAs\":[\"https:\\\/\\\/wediaentertainment.com\"]}]}<\/script>\n<!-- \/ Yoast SEO plugin. -->","yoast_head_json":{"title":"The Apprentice: Sebastian Stan'\u0131n Trump'\u0131 Canland\u0131rd\u0131\u011f\u0131 Yeni Tart\u0131\u015fmal\u0131 Film - WediaEntertainment TR","description":"\"The Apprentice\" filmi 2024 Cannes Film Festivali'nde pr\u00f6miyerini yapt\u0131 ve Donald Trump'\u0131 cesur bir \u015fekilde tasvir etmesiyle b\u00fcy\u00fck yank\u0131 uyand\u0131rd\u0131.","robots":{"index":"index","follow":"follow","max-snippet":"max-snippet:-1","max-image-preview":"max-image-preview:large","max-video-preview":"max-video-preview:-1"},"canonical":"https:\/\/wediaentertainment.com\/tr\/the-apprentice-sebastian-stan-takes-on-trump-in-new-controversial-film\/","og_locale":"tr_TR","og_type":"article","og_title":"The Apprentice: Sebastian Stan'\u0131n Trump'\u0131 Canland\u0131rd\u0131\u011f\u0131 Yeni Tart\u0131\u015fmal\u0131 Film - WediaEntertainment TR","og_description":"\"The Apprentice\" filmi 2024 Cannes Film Festivali'nde pr\u00f6miyerini yapt\u0131 ve Donald Trump'\u0131 cesur bir \u015fekilde tasvir etmesiyle b\u00fcy\u00fck yank\u0131 uyand\u0131rd\u0131.","og_url":"https:\/\/wediaentertainment.com\/tr\/the-apprentice-sebastian-stan-takes-on-trump-in-new-controversial-film\/","og_site_name":"WediaEntertainment TR","article_published_time":"2024-05-24T12:19:54+00:00","article_modified_time":"2024-05-24T12:20:16+00:00","og_image":[{"width":768,"height":512,"url":"https:\/\/wediaentertainment.com\/tr\/wp-content\/uploads\/sites\/2\/2024\/05\/Trump.jpg","type":"image\/jpeg"}],"author":"wediacorp","twitter_card":"summary_large_image","twitter_misc":{"Yazan:":"wediacorp","Tahmini okuma s\u00fcresi":"2 dakika"},"schema":{"@context":"https:\/\/schema.org","@graph":[{"@type":"NewsArticle","@id":"https:\/\/wediaentertainment.com\/tr\/the-apprentice-sebastian-stan-takes-on-trump-in-new-controversial-film\/#article","isPartOf":{"@id":"https:\/\/wediaentertainment.com\/tr\/the-apprentice-sebastian-stan-takes-on-trump-in-new-controversial-film\/"},"author":{"name":"wediacorp","@id":"https:\/\/wediaentertainment.com\/tr\/#\/schema\/person\/cd635e714b51fbdb59e838765abe6e70"},"headline":"The Apprentice: Sebastian Stan&#8217;\u0131n Trump&#8217;\u0131 Canland\u0131rd\u0131\u011f\u0131 Yeni Tart\u0131\u015fmal\u0131 Film","datePublished":"2024-05-24T12:19:54+00:00","dateModified":"2024-05-24T12:20:16+00:00","mainEntityOfPage":{"@id":"https:\/\/wediaentertainment.com\/tr\/the-apprentice-sebastian-stan-takes-on-trump-in-new-controversial-film\/"},"wordCount":366,"commentCount":0,"image":{"@id":"https:\/\/wediaentertainment.com\/tr\/the-apprentice-sebastian-stan-takes-on-trump-in-new-controversial-film\/#primaryimage"},"thumbnailUrl":"https:\/\/wediaentertainment.com\/tr\/wp-content\/uploads\/sites\/2\/2024\/05\/Trump.jpg","keywords":["Sebastian Stan","The Apprentice","Trump"],"articleSection":["Sinema"],"inLanguage":"tr","potentialAction":[{"@type":"CommentAction","name":"Comment","target":["https:\/\/wediaentertainment.com\/tr\/the-apprentice-sebastian-stan-takes-on-trump-in-new-controversial-film\/#respond"]}]},{"@type":"WebPage","@id":"https:\/\/wediaentertainment.com\/tr\/the-apprentice-sebastian-stan-takes-on-trump-in-new-controversial-film\/","url":"https:\/\/wediaentertainment.com\/tr\/the-apprentice-sebastian-stan-takes-on-trump-in-new-controversial-film\/","name":"The Apprentice: Sebastian Stan'\u0131n Trump'\u0131 Canland\u0131rd\u0131\u011f\u0131 Yeni Tart\u0131\u015fmal\u0131 Film - WediaEntertainment TR","isPartOf":{"@id":"https:\/\/wediaentertainment.com\/tr\/#website"},"primaryImageOfPage":{"@id":"https:\/\/wediaentertainment.com\/tr\/the-apprentice-sebastian-stan-takes-on-trump-in-new-controversial-film\/#primaryimage"},"image":{"@id":"https:\/\/wediaentertainment.com\/tr\/the-apprentice-sebastian-stan-takes-on-trump-in-new-controversial-film\/#primaryimage"},"thumbnailUrl":"https:\/\/wediaentertainment.com\/tr\/wp-content\/uploads\/sites\/2\/2024\/05\/Trump.jpg","datePublished":"2024-05-24T12:19:54+00:00","dateModified":"2024-05-24T12:20:16+00:00","author":{"@id":"https:\/\/wediaentertainment.com\/tr\/#\/schema\/person\/cd635e714b51fbdb59e838765abe6e70"},"description":"\"The Apprentice\" filmi 2024 Cannes Film Festivali'nde pr\u00f6miyerini yapt\u0131 ve Donald Trump'\u0131 cesur bir \u015fekilde tasvir etmesiyle b\u00fcy\u00fck yank\u0131 uyand\u0131rd\u0131.","breadcrumb":{"@id":"https:\/\/wediaentertainment.com\/tr\/the-apprentice-sebastian-stan-takes-on-trump-in-new-controversial-film\/#breadcrumb"},"inLanguage":"tr","potentialAction":[{"@type":"ReadAction","target":["https:\/\/wediaentertainment.com\/tr\/the-apprentice-sebastian-stan-takes-on-trump-in-new-controversial-film\/"]}]},{"@type":"ImageObject","inLanguage":"tr","@id":"https:\/\/wediaentertainment.com\/tr\/the-apprentice-sebastian-stan-takes-on-trump-in-new-controversial-film\/#primaryimage","url":"https:\/\/wediaentertainment.com\/tr\/wp-content\/uploads\/sites\/2\/2024\/05\/Trump.jpg","contentUrl":"https:\/\/wediaentertainment.com\/tr\/wp-content\/uploads\/sites\/2\/2024\/05\/Trump.jpg","width":768,"height":512,"caption":"The Apprentice: Sebastian Stan'\u0131n Trump'\u0131 Canland\u0131rd\u0131\u011f\u0131 Yeni Tart\u0131\u015fmal\u0131 Film"},{"@type":"BreadcrumbList","@id":"https:\/\/wediaentertainment.com\/tr\/the-apprentice-sebastian-stan-takes-on-trump-in-new-controversial-film\/#breadcrumb","itemListElement":[{"@type":"ListItem","position":1,"name":"Anasayfa","item":"https:\/\/wediaentertainment.com\/tr\/"},{"@type":"ListItem","position":2,"name":"The Apprentice: Sebastian Stan&#8217;\u0131n Trump&#8217;\u0131 Canland\u0131rd\u0131\u011f\u0131 Yeni Tart\u0131\u015fmal\u0131 Film"}]},{"@type":"WebSite","@id":"https:\/\/wediaentertainment.com\/tr\/#website","url":"https:\/\/wediaentertainment.com\/tr\/","name":"WediaEntertainment TR","description":"","potentialAction":[{"@type":"SearchAction","target":{"@type":"EntryPoint","urlTemplate":"https:\/\/wediaentertainment.com\/tr\/?s={search_term_string}"},"query-input":{"@type":"PropertyValueSpecification","valueRequired":true,"valueName":"search_term_string"}}],"inLanguage":"tr"},{"@type":"Person","@id":"https:\/\/wediaentertainment.com\/tr\/#\/schema\/person\/cd635e714b51fbdb59e838765abe6e70","name":"wediacorp","image":{"@type":"ImageObject","inLanguage":"tr","@id":"https:\/\/secure.gravatar.com\/avatar\/d895814bac75bd990bfe85aec7e6e1ef7f6f6645a381952b21e2ea4fdb7a8238?s=96&d=mm&r=g","url":"https:\/\/secure.gravatar.com\/avatar\/d895814bac75bd990bfe85aec7e6e1ef7f6f6645a381952b21e2ea4fdb7a8238?s=96&d=mm&r=g","contentUrl":"https:\/\/secure.gravatar.com\/avatar\/d895814bac75bd990bfe85aec7e6e1ef7f6f6645a381952b21e2ea4fdb7a8238?s=96&d=mm&r=g","caption":"wediacorp"},"sameAs":["https:\/\/wediaentertainment.com"]}]}},"_links":{"self":[{"href":"https:\/\/wediaentertainment.com\/tr\/wp-json\/wp\/v2\/posts\/2345","targetHints":{"allow":["GET"]}}],"collection":[{"href":"https:\/\/wediaentertainment.com\/tr\/wp-json\/wp\/v2\/posts"}],"about":[{"href":"https:\/\/wediaentertainment.com\/tr\/wp-json\/wp\/v2\/types\/post"}],"author":[{"embeddable":true,"href":"https:\/\/wediaentertainment.com\/tr\/wp-json\/wp\/v2\/users\/1"}],"replies":[{"embeddable":true,"href":"https:\/\/wediaentertainment.com\/tr\/wp-json\/wp\/v2\/comments?post=2345"}],"version-history":[{"count":0,"href":"https:\/\/wediaentertainment.com\/tr\/wp-json\/wp\/v2\/posts\/2345\/revisions"}],"wp:featuredmedia":[{"embeddable":true,"href":"https:\/\/wediaentertainment.com\/tr\/wp-json\/wp\/v2\/media\/2346"}],"wp:attachment":[{"href":"https:\/\/wediaentertainment.com\/tr\/wp-json\/wp\/v2\/media?parent=2345"}],"wp:term":[{"taxonomy":"category","embeddable":true,"href":"https:\/\/wediaentertainment.com\/tr\/wp-json\/wp\/v2\/categories?post=2345"},{"taxonomy":"post_tag","embeddable":true,"href":"https:\/\/wediaentertainment.com\/tr\/wp-json\/wp\/v2\/tags?post=2345"}],"curies":[{"name":"wp","href":"https:\/\/api.w.org\/{rel}","templated":true}]}}