{"id":2270,"date":"2024-02-18T15:24:41","date_gmt":"2024-02-18T12:24:41","guid":{"rendered":"https:\/\/wediaentertainment.com\/tr\/?p=2270"},"modified":"2024-02-18T15:24:41","modified_gmt":"2024-02-18T12:24:41","slug":"the-berlin-film-festival-2024","status":"publish","type":"post","link":"https:\/\/wediaentertainment.com\/tr\/the-berlin-film-festival-2024\/","title":{"rendered":"Berlin Film Festivali&#8217;nde Jeopolitik R\u00fczgarlar: Orta Do\u011fu Krizi, Ukrayna ve A\u015f\u0131r\u0131 Sa\u011f\u0131n Y\u00fckseli\u015fi"},"content":{"rendered":"<p>Bu y\u0131l Berlin Film Festivali, her zamankinden daha yo\u011fun bir atmosfere sahne oluyor. J\u00fcri ba\u015fkan\u0131 Lupita Nyong\u2019o&#8217;nun ifadesiyle, festival &#8220;baharatl\u0131&#8221; bir d\u00f6neme tan\u0131kl\u0131k ediyor. Orta Do\u011fu&#8217;daki \u00e7at\u0131\u015fmalar, Avrupa&#8217;da y\u00fckselen a\u015f\u0131r\u0131 sa\u011f ak\u0131mlar ve Ukrayna&#8217;daki devam eden sava\u015f, Berlinale&#8217;nin jeopolitik gerilimlerle dolu bir sezonunu i\u015faret ediyor.<\/p>\n<p>Festival, politik tart\u0131\u015fmalar\u0131n merkezinde yer al\u0131yor. J\u00fcri \u00fcyesi ve Ukraynal\u0131 yazar Oksana Zabuzhko, politik fig\u00fcrlerle ilgili tart\u0131\u015fmalar\u0131 alevlendirirken, Alman y\u00f6netmen Christian Petzold, a\u015f\u0131r\u0131 sa\u011f\u0131n festivaldeki yerini sorguluyor. Bu tart\u0131\u015fmalar, Berlinale&#8217;nin sadece bir film festivali olmad\u0131\u011f\u0131n\u0131, ayn\u0131 zamanda g\u00fcncel olaylara kar\u015f\u0131 bir duru\u015f sergiledi\u011fini g\u00f6steriyor.<\/p>\n<p>Nyong\u2019o gibi uluslararas\u0131 tan\u0131nm\u0131\u015f bir y\u0131ld\u0131z\u0131n festivalde \u00f6nemli bir rol \u00fcstlenmesi, Berlinale&#8217;nin sadece sinemay\u0131 de\u011fil, ayn\u0131 zamanda sosyal ve politik meseleleri de kucaklad\u0131\u011f\u0131n\u0131 g\u00f6steriyor. Festivalin bu y\u0131lki a\u00e7\u0131l\u0131\u015f filmi, ge\u00e7mi\u015fte ya\u015fanan bir skandal\u0131 yeniden g\u00fcndeme ta\u015f\u0131yarak, Berlinale&#8217;nin zihinleri zorlayan yap\u0131mlara olan ba\u011fl\u0131l\u0131\u011f\u0131n\u0131 vurguluyor.<\/p>\n<p>Berlinale&#8217;nin siyasi tart\u0131\u015fmalara ev sahipli\u011fi yapmas\u0131 yeni bir durum de\u011fil. Ge\u00e7mi\u015f y\u0131llarda da festival, Ukrayna Devlet Ba\u015fkan\u0131 Volodymyr Zelenskiy gibi \u00f6nemli konu\u015fmac\u0131lar\u0131 a\u011f\u0131rlayarak d\u00fcnya sahnesindeki olaylara dikkat \u00e7ekti. Bu y\u0131l, Orta Do\u011fu krizinden Almanya&#8217;n\u0131n politik duru\u015funa kadar bir\u00e7ok konu, festivalin odak noktas\u0131nda olacak.<\/p>\n<p>Berlin Film Festivali, her ne kadar zorlay\u0131c\u0131 filmleri ve ciddi d\u00fc\u015f\u00fcnceli profilini \u00f6n planda tutuyor olsa da, asl\u0131nda bu \u00f6zellikleriyle kat\u0131l\u0131mc\u0131lara ve izleyicilere daha geni\u015f bir perspektif sunuyor. Festival, sineman\u0131n g\u00fcc\u00fcn\u00fc kullanarak, izleyicileri sadece sanatsal de\u011fil, ayn\u0131 zamanda sosyal ve politik d\u00fc\u015f\u00fcnmeye de te\u015fvik ediyor.<\/p>\n<p>Bu y\u0131lki Berlinale, sadece sinema end\u00fcstrisinin de\u011fil, ayn\u0131 zamanda d\u00fcnya \u00e7ap\u0131ndaki sosyal ve politik geli\u015fmelerin de bir yans\u0131mas\u0131 olarak \u00f6nem ta\u015f\u0131yor. Festival, sinema arac\u0131l\u0131\u011f\u0131yla ger\u00e7ekle\u015ftirilen bu t\u00fcr bir diyalogun, toplumsal de\u011fi\u015fimlere katk\u0131da bulunabilece\u011finin g\u00fc\u00e7l\u00fc bir \u00f6rne\u011fini sunuyor.<\/p>\n<p>Berlin Film Festivali, bir kez daha d\u00fcnyan\u0131n d\u00f6rt bir yan\u0131ndan sinemaseverleri, film yap\u0131mc\u0131lar\u0131n\u0131 ve d\u00fc\u015f\u00fcn\u00fcrleri bir araya getirerek, sadece film g\u00f6sterimleriyle de\u011fil, ayn\u0131 zamanda zengin tart\u0131\u015fma ortamlar\u0131yla da k\u00fclt\u00fcrleraras\u0131 bir k\u00f6pr\u00fc kuruyor. Bu, Berlinale&#8217;nin sadece bir film festivali olman\u0131n \u00f6tesinde, global bir diyalog platformu olarak \u00f6nemli bir rol oynad\u0131\u011f\u0131n\u0131 g\u00f6steriyor.<\/p>\n","protected":false},"excerpt":{"rendered":"<p>Bu y\u0131l Berlin Film Festivali, her zamankinden daha yo\u011fun bir atmosfere sahne oluyor. J\u00fcri ba\u015fkan\u0131 Lupita Nyong\u2019o&#8217;nun ifadesiyle, festival &#8220;baharatl\u0131&#8221; bir d\u00f6neme tan\u0131kl\u0131k ediyor. Orta Do\u011fu&#8217;daki \u00e7at\u0131\u015fmalar, Avrupa&#8217;da y\u00fckselen a\u015f\u0131r\u0131 sa\u011f ak\u0131mlar ve Ukrayna&#8217;daki devam eden sava\u015f, Berlinale&#8217;nin jeopolitik gerilimlerle dolu bir sezonunu i\u015faret ediyor. Festival, politik tart\u0131\u015fmalar\u0131n merkezinde yer al\u0131yor. J\u00fcri \u00fcyesi ve Ukraynal\u0131 [&hellip;]<\/p>\n","protected":false},"author":1,"featured_media":2271,"comment_status":"open","ping_status":"open","sticky":false,"template":"","format":"standard","meta":{"footnotes":""},"categories":[5],"tags":[2249,2246,2251,2252,2247,2248,2253,2250,2254],"class_list":["post-2270","post","type-post","status-publish","format-standard","has-post-thumbnail","hentry","category-festival","tag-asiri-sag-ve-sinema","tag-berlin-film-festivali-2024","tag-film-ve-politika","tag-kulturlerarasi-sinema","tag-lupita-nyongo-berlinale","tag-orta-dogu-krizi-sinema","tag-sinema-sosyal-degisim","tag-ukrayna-krizi","tag-volodymyr-zelenskiy"],"acf":[],"yoast_head":"<!-- This site is optimized with the Yoast SEO plugin v27.5 - https:\/\/yoast.com\/product\/yoast-seo-wordpress\/ -->\n<title>Berlin Film Festivali&#039;nde Jeopolitik R\u00fczgarlar: Orta Do\u011fu Krizi, Ukrayna ve A\u015f\u0131r\u0131 Sa\u011f\u0131n Y\u00fckseli\u015fi - WediaEntertainment TR<\/title>\n<meta name=\"description\" content=\"Berlin Film Festivali&#039;nde sinema ve geopolitik bir araya geliyor. Lupita Nyong&#039;o&#039;nun j\u00fcri ba\u015fkanl\u0131\u011f\u0131nda, Orta Do\u011fu krizi, a\u015f\u0131r\u0131 sa\u011f\u0131n y\u00fckseli\u015fi ve Ukrayna&#039;daki durum festivalin g\u00fcndemini belirliyor. Berlinale&#039;nin d\u00fc\u015f\u00fcnce \u00fcreten filmlere olan ba\u011fl\u0131l\u0131\u011f\u0131 ve politik diyalog platformu olarak rol\u00fcne derinlemesine bir bak\u0131\u015f sunuyoruz.\" \/>\n<meta name=\"robots\" content=\"index, follow, max-snippet:-1, max-image-preview:large, max-video-preview:-1\" \/>\n<link rel=\"canonical\" href=\"https:\/\/wediaentertainment.com\/tr\/the-berlin-film-festival-2024\/\" \/>\n<meta property=\"og:locale\" content=\"tr_TR\" \/>\n<meta property=\"og:type\" content=\"article\" \/>\n<meta property=\"og:title\" content=\"Berlin Film Festivali&#039;nde Jeopolitik R\u00fczgarlar: Orta Do\u011fu Krizi, Ukrayna ve A\u015f\u0131r\u0131 Sa\u011f\u0131n Y\u00fckseli\u015fi - WediaEntertainment TR\" \/>\n<meta property=\"og:description\" content=\"Berlin Film Festivali&#039;nde sinema ve geopolitik bir araya geliyor. Lupita Nyong&#039;o&#039;nun j\u00fcri ba\u015fkanl\u0131\u011f\u0131nda, Orta Do\u011fu krizi, a\u015f\u0131r\u0131 sa\u011f\u0131n y\u00fckseli\u015fi ve Ukrayna&#039;daki durum festivalin g\u00fcndemini belirliyor. Berlinale&#039;nin d\u00fc\u015f\u00fcnce \u00fcreten filmlere olan ba\u011fl\u0131l\u0131\u011f\u0131 ve politik diyalog platformu olarak rol\u00fcne derinlemesine bir bak\u0131\u015f sunuyoruz.\" \/>\n<meta property=\"og:url\" content=\"https:\/\/wediaentertainment.com\/tr\/the-berlin-film-festival-2024\/\" \/>\n<meta property=\"og:site_name\" content=\"WediaEntertainment TR\" \/>\n<meta property=\"article:published_time\" content=\"2024-02-18T12:24:41+00:00\" \/>\n<meta property=\"og:image\" content=\"https:\/\/wediaentertainment.com\/tr\/wp-content\/uploads\/sites\/2\/2024\/02\/GettyImages-2006093879.webp\" \/>\n\t<meta property=\"og:image:width\" content=\"681\" \/>\n\t<meta property=\"og:image:height\" content=\"383\" \/>\n\t<meta property=\"og:image:type\" content=\"image\/webp\" \/>\n<meta name=\"author\" content=\"wediacorp\" \/>\n<meta name=\"twitter:card\" content=\"summary_large_image\" \/>\n<meta name=\"twitter:label1\" content=\"Yazan:\" \/>\n\t<meta name=\"twitter:data1\" content=\"wediacorp\" \/>\n\t<meta name=\"twitter:label2\" content=\"Tahmini okuma s\u00fcresi\" \/>\n\t<meta name=\"twitter:data2\" content=\"1 dakika\" \/>\n<script type=\"application\/ld+json\" class=\"yoast-schema-graph\">{\"@context\":\"https:\\\/\\\/schema.org\",\"@graph\":[{\"@type\":\"NewsArticle\",\"@id\":\"https:\\\/\\\/wediaentertainment.com\\\/tr\\\/the-berlin-film-festival-2024\\\/#article\",\"isPartOf\":{\"@id\":\"https:\\\/\\\/wediaentertainment.com\\\/tr\\\/the-berlin-film-festival-2024\\\/\"},\"author\":{\"name\":\"wediacorp\",\"@id\":\"https:\\\/\\\/wediaentertainment.com\\\/tr\\\/#\\\/schema\\\/person\\\/cd635e714b51fbdb59e838765abe6e70\"},\"headline\":\"Berlin Film Festivali&#8217;nde Jeopolitik R\u00fczgarlar: Orta Do\u011fu Krizi, Ukrayna ve A\u015f\u0131r\u0131 Sa\u011f\u0131n Y\u00fckseli\u015fi\",\"datePublished\":\"2024-02-18T12:24:41+00:00\",\"mainEntityOfPage\":{\"@id\":\"https:\\\/\\\/wediaentertainment.com\\\/tr\\\/the-berlin-film-festival-2024\\\/\"},\"wordCount\":451,\"commentCount\":0,\"image\":{\"@id\":\"https:\\\/\\\/wediaentertainment.com\\\/tr\\\/the-berlin-film-festival-2024\\\/#primaryimage\"},\"thumbnailUrl\":\"https:\\\/\\\/wediaentertainment.com\\\/tr\\\/wp-content\\\/uploads\\\/sites\\\/2\\\/2024\\\/02\\\/GettyImages-2006093879.webp\",\"keywords\":[\"A\u015f\u0131r\u0131 Sa\u011f ve Sinema\",\"Berlin Film Festivali 2024\",\"Film ve Politika\",\"K\u00fclt\u00fcrleraras\u0131 Sinema\",\"Lupita Nyong'o Berlinale\",\"Orta Do\u011fu Krizi Sinema\",\"Sinema Sosyal De\u011fi\u015fim\",\"Ukrayna Krizi\",\"Volodymyr Zelenskiy\"],\"articleSection\":[\"Festival\"],\"inLanguage\":\"tr\",\"potentialAction\":[{\"@type\":\"CommentAction\",\"name\":\"Comment\",\"target\":[\"https:\\\/\\\/wediaentertainment.com\\\/tr\\\/the-berlin-film-festival-2024\\\/#respond\"]}]},{\"@type\":\"WebPage\",\"@id\":\"https:\\\/\\\/wediaentertainment.com\\\/tr\\\/the-berlin-film-festival-2024\\\/\",\"url\":\"https:\\\/\\\/wediaentertainment.com\\\/tr\\\/the-berlin-film-festival-2024\\\/\",\"name\":\"Berlin Film Festivali'nde Jeopolitik R\u00fczgarlar: Orta Do\u011fu Krizi, Ukrayna ve A\u015f\u0131r\u0131 Sa\u011f\u0131n Y\u00fckseli\u015fi - WediaEntertainment TR\",\"isPartOf\":{\"@id\":\"https:\\\/\\\/wediaentertainment.com\\\/tr\\\/#website\"},\"primaryImageOfPage\":{\"@id\":\"https:\\\/\\\/wediaentertainment.com\\\/tr\\\/the-berlin-film-festival-2024\\\/#primaryimage\"},\"image\":{\"@id\":\"https:\\\/\\\/wediaentertainment.com\\\/tr\\\/the-berlin-film-festival-2024\\\/#primaryimage\"},\"thumbnailUrl\":\"https:\\\/\\\/wediaentertainment.com\\\/tr\\\/wp-content\\\/uploads\\\/sites\\\/2\\\/2024\\\/02\\\/GettyImages-2006093879.webp\",\"datePublished\":\"2024-02-18T12:24:41+00:00\",\"author\":{\"@id\":\"https:\\\/\\\/wediaentertainment.com\\\/tr\\\/#\\\/schema\\\/person\\\/cd635e714b51fbdb59e838765abe6e70\"},\"description\":\"Berlin Film Festivali'nde sinema ve geopolitik bir araya geliyor. Lupita Nyong'o'nun j\u00fcri ba\u015fkanl\u0131\u011f\u0131nda, Orta Do\u011fu krizi, a\u015f\u0131r\u0131 sa\u011f\u0131n y\u00fckseli\u015fi ve Ukrayna'daki durum festivalin g\u00fcndemini belirliyor. Berlinale'nin d\u00fc\u015f\u00fcnce \u00fcreten filmlere olan ba\u011fl\u0131l\u0131\u011f\u0131 ve politik diyalog platformu olarak rol\u00fcne derinlemesine bir bak\u0131\u015f sunuyoruz.\",\"breadcrumb\":{\"@id\":\"https:\\\/\\\/wediaentertainment.com\\\/tr\\\/the-berlin-film-festival-2024\\\/#breadcrumb\"},\"inLanguage\":\"tr\",\"potentialAction\":[{\"@type\":\"ReadAction\",\"target\":[\"https:\\\/\\\/wediaentertainment.com\\\/tr\\\/the-berlin-film-festival-2024\\\/\"]}]},{\"@type\":\"ImageObject\",\"inLanguage\":\"tr\",\"@id\":\"https:\\\/\\\/wediaentertainment.com\\\/tr\\\/the-berlin-film-festival-2024\\\/#primaryimage\",\"url\":\"https:\\\/\\\/wediaentertainment.com\\\/tr\\\/wp-content\\\/uploads\\\/sites\\\/2\\\/2024\\\/02\\\/GettyImages-2006093879.webp\",\"contentUrl\":\"https:\\\/\\\/wediaentertainment.com\\\/tr\\\/wp-content\\\/uploads\\\/sites\\\/2\\\/2024\\\/02\\\/GettyImages-2006093879.webp\",\"width\":681,\"height\":383},{\"@type\":\"BreadcrumbList\",\"@id\":\"https:\\\/\\\/wediaentertainment.com\\\/tr\\\/the-berlin-film-festival-2024\\\/#breadcrumb\",\"itemListElement\":[{\"@type\":\"ListItem\",\"position\":1,\"name\":\"Anasayfa\",\"item\":\"https:\\\/\\\/wediaentertainment.com\\\/tr\\\/\"},{\"@type\":\"ListItem\",\"position\":2,\"name\":\"Berlin Film Festivali&#8217;nde Jeopolitik R\u00fczgarlar: Orta Do\u011fu Krizi, Ukrayna ve A\u015f\u0131r\u0131 Sa\u011f\u0131n Y\u00fckseli\u015fi\"}]},{\"@type\":\"WebSite\",\"@id\":\"https:\\\/\\\/wediaentertainment.com\\\/tr\\\/#website\",\"url\":\"https:\\\/\\\/wediaentertainment.com\\\/tr\\\/\",\"name\":\"WediaEntertainment TR\",\"description\":\"\",\"potentialAction\":[{\"@type\":\"SearchAction\",\"target\":{\"@type\":\"EntryPoint\",\"urlTemplate\":\"https:\\\/\\\/wediaentertainment.com\\\/tr\\\/?s={search_term_string}\"},\"query-input\":{\"@type\":\"PropertyValueSpecification\",\"valueRequired\":true,\"valueName\":\"search_term_string\"}}],\"inLanguage\":\"tr\"},{\"@type\":\"Person\",\"@id\":\"https:\\\/\\\/wediaentertainment.com\\\/tr\\\/#\\\/schema\\\/person\\\/cd635e714b51fbdb59e838765abe6e70\",\"name\":\"wediacorp\",\"image\":{\"@type\":\"ImageObject\",\"inLanguage\":\"tr\",\"@id\":\"https:\\\/\\\/secure.gravatar.com\\\/avatar\\\/d895814bac75bd990bfe85aec7e6e1ef7f6f6645a381952b21e2ea4fdb7a8238?s=96&d=mm&r=g\",\"url\":\"https:\\\/\\\/secure.gravatar.com\\\/avatar\\\/d895814bac75bd990bfe85aec7e6e1ef7f6f6645a381952b21e2ea4fdb7a8238?s=96&d=mm&r=g\",\"contentUrl\":\"https:\\\/\\\/secure.gravatar.com\\\/avatar\\\/d895814bac75bd990bfe85aec7e6e1ef7f6f6645a381952b21e2ea4fdb7a8238?s=96&d=mm&r=g\",\"caption\":\"wediacorp\"},\"sameAs\":[\"https:\\\/\\\/wediaentertainment.com\"]}]}<\/script>\n<!-- \/ Yoast SEO plugin. -->","yoast_head_json":{"title":"Berlin Film Festivali'nde Jeopolitik R\u00fczgarlar: Orta Do\u011fu Krizi, Ukrayna ve A\u015f\u0131r\u0131 Sa\u011f\u0131n Y\u00fckseli\u015fi - WediaEntertainment TR","description":"Berlin Film Festivali'nde sinema ve geopolitik bir araya geliyor. Lupita Nyong'o'nun j\u00fcri ba\u015fkanl\u0131\u011f\u0131nda, Orta Do\u011fu krizi, a\u015f\u0131r\u0131 sa\u011f\u0131n y\u00fckseli\u015fi ve Ukrayna'daki durum festivalin g\u00fcndemini belirliyor. Berlinale'nin d\u00fc\u015f\u00fcnce \u00fcreten filmlere olan ba\u011fl\u0131l\u0131\u011f\u0131 ve politik diyalog platformu olarak rol\u00fcne derinlemesine bir bak\u0131\u015f sunuyoruz.","robots":{"index":"index","follow":"follow","max-snippet":"max-snippet:-1","max-image-preview":"max-image-preview:large","max-video-preview":"max-video-preview:-1"},"canonical":"https:\/\/wediaentertainment.com\/tr\/the-berlin-film-festival-2024\/","og_locale":"tr_TR","og_type":"article","og_title":"Berlin Film Festivali'nde Jeopolitik R\u00fczgarlar: Orta Do\u011fu Krizi, Ukrayna ve A\u015f\u0131r\u0131 Sa\u011f\u0131n Y\u00fckseli\u015fi - WediaEntertainment TR","og_description":"Berlin Film Festivali'nde sinema ve geopolitik bir araya geliyor. Lupita Nyong'o'nun j\u00fcri ba\u015fkanl\u0131\u011f\u0131nda, Orta Do\u011fu krizi, a\u015f\u0131r\u0131 sa\u011f\u0131n y\u00fckseli\u015fi ve Ukrayna'daki durum festivalin g\u00fcndemini belirliyor. Berlinale'nin d\u00fc\u015f\u00fcnce \u00fcreten filmlere olan ba\u011fl\u0131l\u0131\u011f\u0131 ve politik diyalog platformu olarak rol\u00fcne derinlemesine bir bak\u0131\u015f sunuyoruz.","og_url":"https:\/\/wediaentertainment.com\/tr\/the-berlin-film-festival-2024\/","og_site_name":"WediaEntertainment TR","article_published_time":"2024-02-18T12:24:41+00:00","og_image":[{"width":681,"height":383,"url":"https:\/\/wediaentertainment.com\/tr\/wp-content\/uploads\/sites\/2\/2024\/02\/GettyImages-2006093879.webp","type":"image\/webp"}],"author":"wediacorp","twitter_card":"summary_large_image","twitter_misc":{"Yazan:":"wediacorp","Tahmini okuma s\u00fcresi":"1 dakika"},"schema":{"@context":"https:\/\/schema.org","@graph":[{"@type":"NewsArticle","@id":"https:\/\/wediaentertainment.com\/tr\/the-berlin-film-festival-2024\/#article","isPartOf":{"@id":"https:\/\/wediaentertainment.com\/tr\/the-berlin-film-festival-2024\/"},"author":{"name":"wediacorp","@id":"https:\/\/wediaentertainment.com\/tr\/#\/schema\/person\/cd635e714b51fbdb59e838765abe6e70"},"headline":"Berlin Film Festivali&#8217;nde Jeopolitik R\u00fczgarlar: Orta Do\u011fu Krizi, Ukrayna ve A\u015f\u0131r\u0131 Sa\u011f\u0131n Y\u00fckseli\u015fi","datePublished":"2024-02-18T12:24:41+00:00","mainEntityOfPage":{"@id":"https:\/\/wediaentertainment.com\/tr\/the-berlin-film-festival-2024\/"},"wordCount":451,"commentCount":0,"image":{"@id":"https:\/\/wediaentertainment.com\/tr\/the-berlin-film-festival-2024\/#primaryimage"},"thumbnailUrl":"https:\/\/wediaentertainment.com\/tr\/wp-content\/uploads\/sites\/2\/2024\/02\/GettyImages-2006093879.webp","keywords":["A\u015f\u0131r\u0131 Sa\u011f ve Sinema","Berlin Film Festivali 2024","Film ve Politika","K\u00fclt\u00fcrleraras\u0131 Sinema","Lupita Nyong'o Berlinale","Orta Do\u011fu Krizi Sinema","Sinema Sosyal De\u011fi\u015fim","Ukrayna Krizi","Volodymyr Zelenskiy"],"articleSection":["Festival"],"inLanguage":"tr","potentialAction":[{"@type":"CommentAction","name":"Comment","target":["https:\/\/wediaentertainment.com\/tr\/the-berlin-film-festival-2024\/#respond"]}]},{"@type":"WebPage","@id":"https:\/\/wediaentertainment.com\/tr\/the-berlin-film-festival-2024\/","url":"https:\/\/wediaentertainment.com\/tr\/the-berlin-film-festival-2024\/","name":"Berlin Film Festivali'nde Jeopolitik R\u00fczgarlar: Orta Do\u011fu Krizi, Ukrayna ve A\u015f\u0131r\u0131 Sa\u011f\u0131n Y\u00fckseli\u015fi - WediaEntertainment TR","isPartOf":{"@id":"https:\/\/wediaentertainment.com\/tr\/#website"},"primaryImageOfPage":{"@id":"https:\/\/wediaentertainment.com\/tr\/the-berlin-film-festival-2024\/#primaryimage"},"image":{"@id":"https:\/\/wediaentertainment.com\/tr\/the-berlin-film-festival-2024\/#primaryimage"},"thumbnailUrl":"https:\/\/wediaentertainment.com\/tr\/wp-content\/uploads\/sites\/2\/2024\/02\/GettyImages-2006093879.webp","datePublished":"2024-02-18T12:24:41+00:00","author":{"@id":"https:\/\/wediaentertainment.com\/tr\/#\/schema\/person\/cd635e714b51fbdb59e838765abe6e70"},"description":"Berlin Film Festivali'nde sinema ve geopolitik bir araya geliyor. Lupita Nyong'o'nun j\u00fcri ba\u015fkanl\u0131\u011f\u0131nda, Orta Do\u011fu krizi, a\u015f\u0131r\u0131 sa\u011f\u0131n y\u00fckseli\u015fi ve Ukrayna'daki durum festivalin g\u00fcndemini belirliyor. Berlinale'nin d\u00fc\u015f\u00fcnce \u00fcreten filmlere olan ba\u011fl\u0131l\u0131\u011f\u0131 ve politik diyalog platformu olarak rol\u00fcne derinlemesine bir bak\u0131\u015f sunuyoruz.","breadcrumb":{"@id":"https:\/\/wediaentertainment.com\/tr\/the-berlin-film-festival-2024\/#breadcrumb"},"inLanguage":"tr","potentialAction":[{"@type":"ReadAction","target":["https:\/\/wediaentertainment.com\/tr\/the-berlin-film-festival-2024\/"]}]},{"@type":"ImageObject","inLanguage":"tr","@id":"https:\/\/wediaentertainment.com\/tr\/the-berlin-film-festival-2024\/#primaryimage","url":"https:\/\/wediaentertainment.com\/tr\/wp-content\/uploads\/sites\/2\/2024\/02\/GettyImages-2006093879.webp","contentUrl":"https:\/\/wediaentertainment.com\/tr\/wp-content\/uploads\/sites\/2\/2024\/02\/GettyImages-2006093879.webp","width":681,"height":383},{"@type":"BreadcrumbList","@id":"https:\/\/wediaentertainment.com\/tr\/the-berlin-film-festival-2024\/#breadcrumb","itemListElement":[{"@type":"ListItem","position":1,"name":"Anasayfa","item":"https:\/\/wediaentertainment.com\/tr\/"},{"@type":"ListItem","position":2,"name":"Berlin Film Festivali&#8217;nde Jeopolitik R\u00fczgarlar: Orta Do\u011fu Krizi, Ukrayna ve A\u015f\u0131r\u0131 Sa\u011f\u0131n Y\u00fckseli\u015fi"}]},{"@type":"WebSite","@id":"https:\/\/wediaentertainment.com\/tr\/#website","url":"https:\/\/wediaentertainment.com\/tr\/","name":"WediaEntertainment TR","description":"","potentialAction":[{"@type":"SearchAction","target":{"@type":"EntryPoint","urlTemplate":"https:\/\/wediaentertainment.com\/tr\/?s={search_term_string}"},"query-input":{"@type":"PropertyValueSpecification","valueRequired":true,"valueName":"search_term_string"}}],"inLanguage":"tr"},{"@type":"Person","@id":"https:\/\/wediaentertainment.com\/tr\/#\/schema\/person\/cd635e714b51fbdb59e838765abe6e70","name":"wediacorp","image":{"@type":"ImageObject","inLanguage":"tr","@id":"https:\/\/secure.gravatar.com\/avatar\/d895814bac75bd990bfe85aec7e6e1ef7f6f6645a381952b21e2ea4fdb7a8238?s=96&d=mm&r=g","url":"https:\/\/secure.gravatar.com\/avatar\/d895814bac75bd990bfe85aec7e6e1ef7f6f6645a381952b21e2ea4fdb7a8238?s=96&d=mm&r=g","contentUrl":"https:\/\/secure.gravatar.com\/avatar\/d895814bac75bd990bfe85aec7e6e1ef7f6f6645a381952b21e2ea4fdb7a8238?s=96&d=mm&r=g","caption":"wediacorp"},"sameAs":["https:\/\/wediaentertainment.com"]}]}},"_links":{"self":[{"href":"https:\/\/wediaentertainment.com\/tr\/wp-json\/wp\/v2\/posts\/2270","targetHints":{"allow":["GET"]}}],"collection":[{"href":"https:\/\/wediaentertainment.com\/tr\/wp-json\/wp\/v2\/posts"}],"about":[{"href":"https:\/\/wediaentertainment.com\/tr\/wp-json\/wp\/v2\/types\/post"}],"author":[{"embeddable":true,"href":"https:\/\/wediaentertainment.com\/tr\/wp-json\/wp\/v2\/users\/1"}],"replies":[{"embeddable":true,"href":"https:\/\/wediaentertainment.com\/tr\/wp-json\/wp\/v2\/comments?post=2270"}],"version-history":[{"count":0,"href":"https:\/\/wediaentertainment.com\/tr\/wp-json\/wp\/v2\/posts\/2270\/revisions"}],"wp:featuredmedia":[{"embeddable":true,"href":"https:\/\/wediaentertainment.com\/tr\/wp-json\/wp\/v2\/media\/2271"}],"wp:attachment":[{"href":"https:\/\/wediaentertainment.com\/tr\/wp-json\/wp\/v2\/media?parent=2270"}],"wp:term":[{"taxonomy":"category","embeddable":true,"href":"https:\/\/wediaentertainment.com\/tr\/wp-json\/wp\/v2\/categories?post=2270"},{"taxonomy":"post_tag","embeddable":true,"href":"https:\/\/wediaentertainment.com\/tr\/wp-json\/wp\/v2\/tags?post=2270"}],"curies":[{"name":"wp","href":"https:\/\/api.w.org\/{rel}","templated":true}]}}